{"id":1103,"__str__":"Projeto de Lei n\u00ba 197 de 2020","metadata":{},"numero":197,"ano":2020,"numero_protocolo":546,"data_apresentacao":"2020-06-19","tipo_apresentacao":"E","data_publicacao":null,"numero_origem_externa":"","ano_origem_externa":2020,"data_origem_externa":null,"apelido":"","dias_prazo":null,"data_fim_prazo":null,"em_tramitacao":false,"polemica":null,"objeto":"","complementar":null,"ementa":"DENOMINA Pastor Pedro J\u00e2nio Balbi de Carvalho, a Pra\u00e7a das \u00c1guas, localizada na\r\nAv. Coronel S\u00e1vio Belota, Conj. Amadeu Botelho, Bairro Novo Aleixo.","indexacao":"Denomina\r\nPastor\r\nPedro\r\nJ\u00e2nio\r\nCarvalho\r\nPra\u00e7a\r\ndas\r\n\u00c1guas\r\nlocalizada\r\nav.\r\nCoronel\r\nS\u00e1vio\r\nBelota\r\nconjunto\r\namadeu\r\nbotelho\r\nbairro\r\nnovo \r\naleixo","observacao":"Deliberado: 22.06.2020. \r\nNa PROCURADORIA: 24/06/2020. Parecer favor\u00e1vel\r\nNa 2\u00aa CCJR \u2013 RELATOR: Ver. Raulzinho.  Na reuni\u00e3o do dia 26/08/2020 foi concedida vistas ao ver. Marcel Alexandre. Aprovado o parecer favor\u00e1vel pela totalidade dos presentes, na reuni\u00e3o virtual do dia 02/09/2020\r\nNo PLEN\u00c1RIO: Na reuni\u00e3o ordin\u00e1ria do dia 09.09.2020 o plen\u00e1rio acatou o parecer da Comiss\u00e3o e encaminhou para analise da 9\u00aa Comiss\u00e3o de Cultura e Patrim\u00f4nio Hist\u00f3rico.\r\nNa 9\u00aa COMCPH -RELATOR: Ver. Reizo Castelo Branco (10.09.2020-21.09.2020). Aprovado o parecer favor\u00e1vel pela totalidade dos presentes, na reuni\u00e3o virtual do dia 16/09/2020.\r\nNo PLEN\u00c1RIO: Na reuni\u00e3o ordin\u00e1ria do dia 21.09.2020 o plen\u00e1rio acatou o parecer da comiss\u00e3o e em seguida aprovou em 1\u00aa discuss\u00e3o.\r\nNo PLEN\u00c1RIO: Na reuni\u00e3o ordin\u00e1ria do dia 22.09.2020 foi aprovado em 2\u00aa discuss\u00e3o. Encaminhado \u00e0 san\u00e7\u00e3o do Senhor Prefeito.\r\nNa 2\u00aa CCJR \u2013 REDA\u00c7\u00c3O FINAL - RELATOR: A Comiss\u00e3o. A Comiss\u00e3o aprovou a reda\u00e7\u00e3o final da mat\u00e9ria. Tramitado \u00e0 Divis\u00e3o de Controle e Edi\u00e7\u00e3o de Leis em 22.09.2020. \r\nFoi \u00e0 san\u00e7\u00e3o (OF.N\u00ba).\r\nAPROVADO","resultado":"","texto_original":"http://sapl.cmm.am.gov.br/media/sapl/public/materialegislativa/2020/1103/pl_197_2020_joelson_silva_pastor_janio_b-1.pdf","data_ultima_atualizacao":"2024-06-21T12:31:48.879753-04:00","ip":"177.158.246.227","ultima_edicao":"2020-09-22T08:04:02.261121-04:00","tipo":4,"regime_tramitacao":1,"tipo_origem_externa":4,"local_origem_externa":null,"user":95,"anexadas":[],"autores":[23]}