{"id":10939,"__str__":"Projeto de Lei n\u00ba 54 de 2017","metadata":{},"numero":54,"ano":2017,"numero_protocolo":null,"data_apresentacao":"2017-03-20","tipo_apresentacao":"","data_publicacao":null,"numero_origem_externa":"","ano_origem_externa":null,"data_origem_externa":null,"apelido":"","dias_prazo":null,"data_fim_prazo":null,"em_tramitacao":false,"polemica":null,"objeto":"","complementar":null,"ementa":"Disp\u00f5e sobre as medidas a serem adotadas para identificar, acompanhar e auxiliar o aluno portador de TDAH e/ou dislexia na Rede P\u00fablica e Privada de Ensino do munic\u00edpio de Manaus e d\u00e1 outras provid\u00eancias.","indexacao":"Disp\u00f5e sobre as medidas a serem adotadas para identificar, acompanhar e auxiliar o aluno portador de TDAH e/ou dislexia na Rede P\u00fablica e Privada de Ensino do munic\u00edpio de Manaus e d\u00e1 outras provid\u00eancias.","observacao":"Delibera\u00e7\u00e3o: 20/03/2017.\r\nNa PROCURADORIA: 28/03/2017-04/04/2017. Parecer favor\u00e1vel.\r\nNa 2\u00aaCCJR-Relator: Ver. Dr. Ewerton Wanderley (04/04/2017 - 12/04/2017). Parecer favor\u00e1vel no dia 12/04/2017.\r\nNa 3\u00aaCFEO-Relator: Ver. Marcelo Serafim (03/05/2017 - 15/05/2017). Parecer contr\u00e1rio no dia 17/05/2017.\r\nRejeitado o parecer contr\u00e1rio da CFEO na Sess\u00e3o Plen\u00e1ria do dia 12/06/2017. \r\nNa 4\u00aaCOMED-Relatora: Ver.\u00aa Prof.\u00aa Therezinha Ruiz (17/07/2017 - 25/07/2017). Parecer favor\u00e1vel no dia 14/08/2017.\r\nNa 6\u00aaCOMSAU-Relator: Ver. Dr. Isaac Tayah. Parecer favor\u00e1vel no dia 16/10/2017.\r\nLei publicada no Di\u00e1rio Oficial do Munic\u00edpio (04/12/2017): Lei n. 2.260/2017.\r\nOBS: Projeto tramitou de forma f\u00edsica. Cadastramento feito posteriormente. N\u00e3o inclu\u00edda a movimenta\u00e7\u00e3o no campo \"Tramita\u00e7\u00e3o\".","resultado":"","texto_original":"http://sapl.cmm.am.gov.br/media/sapl/public/materialegislativa/2017/10939/pl_054_2017_texto_original.pdf","data_ultima_atualizacao":"2024-07-08T11:59:32.616760-04:00","ip":"201.75.115.36","ultima_edicao":"2021-08-30T11:55:17.224174-04:00","tipo":4,"regime_tramitacao":1,"tipo_origem_externa":null,"local_origem_externa":null,"user":30,"anexadas":[],"autores":[63]}