{"id":10935,"__str__":"Projeto de Lei n\u00ba 501 de 2021","metadata":{},"numero":501,"ano":2021,"numero_protocolo":7016,"data_apresentacao":"2021-08-30","tipo_apresentacao":"E","data_publicacao":null,"numero_origem_externa":"","ano_origem_externa":2021,"data_origem_externa":null,"apelido":"","dias_prazo":null,"data_fim_prazo":null,"em_tramitacao":false,"polemica":null,"objeto":"","complementar":null,"ementa":"\u201cINSTITUI a Semana do Paradesporto no \u00e2mbito do munic\u00edpio de Manaus e d\u00e1 outras provid\u00eancias.\u201d","indexacao":"\u201cINSTITUI a Semana do Paradesporto no \u00e2mbito do munic\u00edpio de Manaus e d\u00e1 outras provid\u00eancias.\u201d","observacao":"DELIBERA\u00c7\u00c3O: 13/09/2021.\r\nEm 13/09/2021: Segue para an\u00e1lise e emiss\u00e3o de parecer da 2a. CCJR.\r\nProcuradoria Legislativa: (14.09.2021 - 21.09.2021)\r\n2\u00b0 CCJR - Relator : Ver. Bessa (20/09/2021 - 28/09/2021) - Aprovado o parecer favor\u00e1vel pela totalidade dos presentes, na reuni\u00e3o do dia\r\n11/07/2022.\r\nNo PLEN\u00c1RIO: Na reuni\u00e3o ordin\u00e1ria do dia 17/08/2022, foi aprovado o parecer favor\u00e1vel da 2\u00aa Comiss\u00e3o. Projeto encaminhado \u00e0 3\u00aa Comiss\u00e3o para an\u00e1lise e emiss\u00e3o de parecer.\r\n3\u00aa CFEO: Ver. Bessa (30/08/2022 - 14/09/2022). Na reuni\u00e3o do dia 12/09/2022, foi concedida vistas ao ver. Jo\u00e3o Carlos 913/09/2022-20/09/2022). Parecer Favor\u00e1vel. Aprovado o parecer favor\u00e1vel pela totalidades dos presente \u00e0 reuni\u00e3o do dia 26/10/2022.\r\nNo PLEN\u00c1RIO: Na reuni\u00e3o ordin\u00e1ria do dia 08/02/2023, foi aprovado o parecer favor\u00e1vel da 3\u00aa Comiss\u00e3o. Projeto encaminhado \u00e0 23\u00aa Comiss\u00e3o para an\u00e1lise e emiss\u00e3o de parecer.\r\n23\u00aa COMPCD - Relator: Ver. Raiff Mattos(08/02/23 a 27/02/23). Aprovado o parecer favor\u00e1vel pela totalidade dos presentes, na reuni\u00e3o do dia 27/03/2023.\r\nNo PLEN\u00c1RIO: Na reuni\u00e3o ordin\u00e1ria do dia 17/04/2023, foi aprovado o parecer favor\u00e1vel da 23\u00aa Comiss\u00e3o. Projeto encaminhado \u00e0 17\u00aa Comiss\u00e3o para an\u00e1lise e emiss\u00e3o de parecer.\r\n17\u00aa COMESP - Relator: Ver. Allan Campelo (26.04.2023 a 09.05.2023). Aprovado o parecer favor\u00e1vel pela totalidade dos presentes, na reuni\u00e3o extraordin\u00e1ria da COMESP realizada no dia 16.05.2023\r\nNo PLEN\u00c1RIO: Na reuni\u00e3o ordin\u00e1ria do dia 14/08/2023, foi aprovado o parecer favor\u00e1vel da 17\u00aa Comiss\u00e3o. Projeto aprovado em 1a. discuss\u00e3o. Aguardando 2a. discuss\u00e3o na forma da lei.\r\nNo PLEN\u00c1RIO: Na reuni\u00e3o ordin\u00e1ria do dia 16/08/2023, o projeto foi APROVADO em 2\u00aa. discuss\u00e3o. Segue \u00e0 SAN\u00c7\u00c3O do senhor Prefeito.","resultado":"","texto_original":"http://sapl.cmm.am.gov.br/media/sapl/public/materialegislativa/2021/10935/pl_501_2021_peixoto_cria_semana_municipal_.pdf","data_ultima_atualizacao":"2024-06-06T09:24:44.228382-04:00","ip":"172.17.0.1","ultima_edicao":"2023-08-16T23:54:48.457143-04:00","tipo":4,"regime_tramitacao":1,"tipo_origem_externa":4,"local_origem_externa":null,"user":13,"anexadas":[],"autores":[133,136,17,141,23,143,144,27,148,135,49,150,50,154]}