{"id":10852,"__str__":"Projeto de Lei n\u00ba 250 de 2017","metadata":{},"numero":250,"ano":2017,"numero_protocolo":null,"data_apresentacao":"2017-08-28","tipo_apresentacao":"","data_publicacao":null,"numero_origem_externa":"","ano_origem_externa":null,"data_origem_externa":null,"apelido":"Financiamento junto \u00e0 Caixa Econ\u00f4mica","dias_prazo":null,"data_fim_prazo":null,"em_tramitacao":false,"polemica":null,"objeto":"","complementar":null,"ementa":"AUTORIZA o Poder Executivo Municipal a contratar financiamento do Programa de Moderniza\u00e7\u00e3o a Administra\u00e7\u00e3o Tribut\u00e1ria e da Gest\u00e3o dos Setores Sociais B\u00e1sicos - PMAT, do Banco Nacional de Desenvolvimento Econ\u00f4mico e Social - BNDS, junto \u00e0 Caixa Econ\u00f4mica Federal, a oferecer garantias, e d\u00e1 outras provid\u00eancias.","indexacao":"AUTORIZA o Poder Executivo Municipal a contratar financiamento do Programa de Moderniza\u00e7\u00e3o a Administra\u00e7\u00e3o Tribut\u00e1ria e da Gest\u00e3o dos Setores Sociais B\u00e1sicos - PMAT, do Banco Nacional de Desenvolvimento Econ\u00f4mico e Social - BNDS, junto \u00e0 Caixa Econ\u00f4mica Federal, a oferecer garantias, e d\u00e1 outras provid\u00eancias.","observacao":"DELIBERA\u00c7\u00c3O: 28/08/2017.\r\nEm 28/08/2017: Segue para an\u00e1lise e emiss\u00e3o de parecer da 2.\u00aa CCJR.\r\nProcuradoria: 01/09/2017-11/09/2017. Parecer FAVOR\u00c1VEL.\r\nNa 2\u00aa CCJR-RELATOR: VER. Joelson Silva (11/09/2017-12/09/2017). Parecer FAVOR\u00c1VEL. Aprovado o parecer favor\u00e1vel pela totalidade dos presentes, na reuni\u00e3o do dia 13/09/2017.\r\nNo PLEN\u00c1RIO: Na reuni\u00e3o ordin\u00e1ria do dia 11/04/2017, foi aprovado o parecer favor\u00e1vel da 2\u00aa CCJR. Segue para a 3\u00aa CFEO.\r\nNa 3\u00aa CFEO - RELATOR: Ver. Prof. Samuel (11/09/2017-12/09/2017). Parecer favor\u00e1vel. Aprovado o parecer favor\u00e1vel pela totalidade dos presentes, na reuni\u00e3o do dia 13/09/2017.\r\nNo PLEN\u00c1RIO: Na reuni\u00e3o ordin\u00e1ria do dia 18/09/2017, o projeto foi aprovado em discuss\u00e3o \u00fanica e segue \u00e0 san\u00e7\u00e3o do Prefeito.","resultado":"","texto_original":"http://sapl.cmm.am.gov.br/media/sapl/public/materialegislativa/2017/10852/pl_250_2017_texto_original.pdf","data_ultima_atualizacao":"2024-07-08T10:17:58.136592-04:00","ip":"191.189.10.56","ultima_edicao":"2021-08-28T08:14:18.274543-04:00","tipo":4,"regime_tramitacao":2,"tipo_origem_externa":null,"local_origem_externa":null,"user":14,"anexadas":[],"autores":[]}