{"id":10698,"__str__":"Projeto de Lei n\u00ba 491 de 2021","metadata":{},"numero":491,"ano":2021,"numero_protocolo":6791,"data_apresentacao":"2021-08-24","tipo_apresentacao":"E","data_publicacao":null,"numero_origem_externa":"","ano_origem_externa":2021,"data_origem_externa":null,"apelido":"","dias_prazo":null,"data_fim_prazo":null,"em_tramitacao":true,"polemica":null,"objeto":"","complementar":null,"ementa":"Disp\u00f5e sobre o Centro de Forma\u00e7\u00e3o de Educadores da Secretaria Municipal de Educa\u00e7\u00e3o no munic\u00edpio de Manaus e d\u00e1 outras provid\u00eancias.","indexacao":"Disp\u00f5e sobre o Centro de Forma\u00e7\u00e3o de Educadores da Secretaria Municipal de Educa\u00e7\u00e3o no munic\u00edpio de Manaus e d\u00e1 outras provid\u00eancias.","observacao":"DELIBERA\u00c7\u00c3O: 01/09/2021.\r\nEm 01/09/2021: Segue para an\u00e1lise e emiss\u00e3o de parecer da 2a. CCJR.\r\nProcuradoria Legislativa: (02/09/2021- 13/09/2021)\r\n2\u00b0 CCJR - Ver. Caio Andr\u00e9 (13/09/2021 - 21/09/2021). Aprovado o parecer favor\u00e1vel pela totalidade dos presentes, na reuni\u00e3o do dia 03/08/2022.\r\nNo PLEN\u00c1RIO: Na reuni\u00e3o ordin\u00e1ria do dia 10/08/2022, o projeto entrou em pauta para aprova\u00e7\u00e3o do parecer da 2a. Comiss\u00e3o, mas n\u00e3o foi voltado devido \u00e0 aus\u00eancia do autor.\r\nNo PLEN\u00c1RIO: Na reuni\u00e3o ordin\u00e1ria do dia 31/08/2022, foi aprovado o parecer favor\u00e1vel da 2\u00aa Comiss\u00e3o. Projeto encaminhado \u00e0 3\u00aa Comiss\u00e3o para an\u00e1lise e emiss\u00e3o de parecer.\r\n3\u00aa CFEO - Relator: Ver. Jo\u00e3o Carlos (04/10/2022 a 17/10/2022) - Parecer Favor\u00e1vel. Aprovado o parecer favor\u00e1vel pela totalidades dos presente \u00e0 reuni\u00e3o do dia 26/10/2022.\r\nNo PLEN\u00c1RIO: Na reuni\u00e3o ordin\u00e1ria do dia 13/12/2022, foi aprovado o parecer favor\u00e1vel da 3\u00aa Comiss\u00e3o. Projeto encaminhado \u00e0 4\u00aa Comiss\u00e3o para an\u00e1lise e emiss\u00e3o de parecer.\r\n4\u00aa COMED- Relator vereadora Profa Jacqueline (14.03.2023 - 27.03.2023). Aprovado o parecer favor\u00e1vel pela totalidade dos presentes, na reuni\u00e3o do dia 17/04/2023.\r\nNo PLEN\u00c1RIO: Na reuni\u00e3o extraordin\u00e1ria do dia 03/05/2023, foi aprovado o parecer favor\u00e1vel da 4\u00aa Comiss\u00e3o. Projeto aprovado em 1a. discuss\u00e3o. Aguardando 2a. discuss\u00e3o na forma da lei.\r\nNo PLEN\u00c1RIO: Na reuni\u00e3o ordin\u00e1ria do dia 08/05/2023, o projeto foi APROVADO em 2\u00aa. discuss\u00e3o. Segue \u00e0 SAN\u00c7\u00c3O do senhor Prefeito.\r\nRecebeu o Veto Total n. 6/2023 (Mensagem n. 038/2023).","resultado":"","texto_original":"http://sapl.cmm.am.gov.br/media/sapl/public/materialegislativa/2021/10698/pl_491_2021_marcio_tavares_formacao_de_educadores.pdf","data_ultima_atualizacao":"2023-07-03T14:01:53.497940-04:00","ip":"172.17.0.1","ultima_edicao":"2023-06-04T19:48:19.208278-04:00","tipo":4,"regime_tramitacao":1,"tipo_origem_externa":4,"local_origem_externa":null,"user":12,"anexadas":[],"autores":[148]}