{"id":10243,"__str__":"Projeto de Lei n\u00ba 465 de 2021","metadata":{},"numero":465,"ano":2021,"numero_protocolo":6337,"data_apresentacao":"2021-08-16","tipo_apresentacao":"E","data_publicacao":null,"numero_origem_externa":"","ano_origem_externa":2021,"data_origem_externa":null,"apelido":"","dias_prazo":null,"data_fim_prazo":null,"em_tramitacao":false,"polemica":null,"objeto":"","complementar":null,"ementa":"\u201cInclui a semana da alimenta\u00e7\u00e3o consciente no calend\u00e1rio oficial do munic\u00edpio de Manaus e d\u00e1 outras provid\u00eancias\u201d.","indexacao":"\u201cInclui a semana da alimenta\u00e7\u00e3o consciente no calend\u00e1rio oficial do munic\u00edpio de Manaus e d\u00e1 outras provid\u00eancias\u201d.","observacao":"DELIBERA\u00c7\u00c3O: 30/08/2021.\r\nEm 30/08/2021: Segue para an\u00e1lise e emiss\u00e3o de parecer da 2a. CCJR.\r\nProcuradoria: (31/08/2021 a 07/09/2021). Parecer contr\u00e1rio.\r\nPara an\u00e1lise e emiss\u00e3o de parecer da comiss\u00e3o.\r\nProjeto recebeu EMENDA 01, de autoria do vereador Peixoto.\r\n2\u00aa CCJR - Relator: Ver. Fransu\u00e1 (27/2/2023 a 7/3/2023). Parecer favor\u00e1vel ao projeto e a Emenda 01.  \r\nNa reuni\u00e3o do dia 10/5/2023, foi concedido vista do projeto \u00e0 vereadora Thaysa Lippy (10/5/2023 a 17/5/2023). Parecer de vista favor\u00e1vel ao Projeto e a Emenda 01.\r\n2\u00aa CCJR - Relator: Ver. Fransu\u00e1 (27/2/2023 a 7/3/2023). Parecer favor\u00e1vel ao projeto e a Emenda 01.  Aprovado o parecer favor\u00e1vel, pela totalidade dos presentes, na reuni\u00e3o ordin\u00e1ria do dia 9/8/2023.\r\nNo PLEN\u00c1RIO: Na reuni\u00e3o ordin\u00e1ria do dia 16/08/2023, foi aprovado o parecer favor\u00e1vel da 2\u00aa Comiss\u00e3o \u00e0 Emenda 01 e ao PL. Projeto encaminhado \u00e0 3\u00aa Comiss\u00e3o para an\u00e1lise e emiss\u00e3o de parecer \u00e0 Emenda 01 e ao PL.\r\n3\u00aa CFEO - Relator: vereador Rosinaldo Bual (12 a 20/09/23). Parecer favor\u00e1vel. Aprovado o parecer favor\u00e1vel ao projeto e \u00e0 Emenda 01 pela totalidade dos presentes \u00e0 25\u00aa Reuni\u00e3o Extraordin\u00e1ria da CFEO, realizada no dia 26 de setembro de 2023.\r\n\r\nEm 08/01/2025: Propositura ARQUIVADA por for\u00e7a do artigo 151 do Regimento Interno da C\u00e2mara.\r\nEncerrada a 18\u00aa Legislatura. Propositura arquivada por for\u00e7a do artigo 151 do Regimento Interno da C\u00e2mara, que prev\u00ea que finda a Legislatura, ser\u00e3o arquivadas todas as proposituras deliberadas e n\u00e3o solucionadas.\r\nDvLEI - 17/05/2025 - PL n\u00e3o desarquivado devido n\u00e3o ser autora do projeto e nem l\u00edder do partido, solicita\u00e7\u00e3o desarquivamento pela Ver.\u00aa Yomara Lins - Podemos/AM","resultado":"","texto_original":"http://sapl.cmm.am.gov.br/media/sapl/public/materialegislativa/2021/10243/pl_465_2021_peixoto_alimentacao.pdf","data_ultima_atualizacao":"2025-06-18T12:11:57.166853-04:00","ip":"172.23.0.242","ultima_edicao":"2025-06-18T12:11:57.046715-04:00","tipo":4,"regime_tramitacao":1,"tipo_origem_externa":4,"local_origem_externa":null,"user":19,"anexadas":[],"autores":[27,148,135,155]}