{"id":9830,"__str__":"Parecer da Comiss\u00e3o - 2\u00aa CCJR de 16/02/2022 por MARCELO SERAFIM","metadata":{},"nome":"2\u00aa CCJR","data":"2022-02-16","autor":"MARCELO SERAFIM","ementa":"Parecer ao Projeto de Lei n.\u00ba 399/2021, de autoria do Vereador Fransu\u00e1, que considera de Utilidade P\u00fablica o Instituto Amazonense Sustentabilidade Amigos da Fam\u00edlia.","indexacao":"","arquivo":"http://sapl.cmm.am.gov.br/media/sapl/public/documentoacessorio/2021/9830/parecer_pl_399_2021_assinado.pdf","data_ultima_atualizacao":"2022-02-17T13:19:57.499150-04:00","materia":9052,"tipo":9}