{"id":9787,"__str__":"Parecer da Comiss\u00e3o - 2\u00b0 CCJR de 15/09/2021 por DR. EDUARDO ASSIS","metadata":{},"nome":"2\u00b0 CCJR","data":"2021-09-15","autor":"DR. EDUARDO ASSIS","ementa":"PROJETO DE LEI: N\u00b0 162/2021 - de iniciativa do vereador Raiff Matos, que \u201cDISP\u00d5E sobre a implanta\u00e7\u00e3o do ensino de m\u00fasica no curr\u00edculo oficial das escolas do munic\u00edpio de Manaus, nas modalidades de Educa\u00e7\u00e3o Infantil e Ensino Fundamental e d\u00e1 outras provid\u00eancias\u201d.","indexacao":"","arquivo":"http://sapl.cmm.am.gov.br/media/sapl/public/documentoacessorio/2021/9787/parecer_pl_162.pdf","data_ultima_atualizacao":"2021-09-23T07:55:41.091410-04:00","materia":5620,"tipo":9}