{"id":9779,"__str__":"Parecer da Comiss\u00e3o - 2\u00aa CCJR de 14/06/2022 por DR. EDUARDO ASSIS","metadata":{},"nome":"2\u00aa CCJR","data":"2022-06-14","autor":"DR. EDUARDO ASSIS","ementa":"PROJETO DE LEI: N\u00b0 382/2021 - de iniciativa do Vereador William Alem\u00e3o, que \u201cDISP\u00d5E sobre a separa\u00e7\u00e3o e a destina\u00e7\u00e3o final dos res\u00edduos recicl\u00e1veis descartados pelos \u00f3rg\u00e3os e pelas entidades da Administra\u00e7\u00e3o P\u00fablica direta e indireta do Munic\u00edpio de Manaus, na forma que especifica\u201d.","indexacao":"","arquivo":"http://sapl.cmm.am.gov.br/media/sapl/public/documentoacessorio/2021/9779/parecer_pl_382_2021_assinado.pdf","data_ultima_atualizacao":"2022-06-14T12:13:05.519930-04:00","materia":8660,"tipo":9}