{"id":9752,"__str__":"Parecer da Comiss\u00e3o - 2\u00aa CCJR de 14/09/2021 por DR. EDUARDO ASSIS","metadata":{},"nome":"2\u00aa CCJR","data":"2021-09-14","autor":"DR. EDUARDO ASSIS","ementa":"VETO TOTAL n\u00ba 006/2021 ao Projeto de Lei n\u00ba 064/2021, de autoria do vereador Raiff Matos, que \u201cESTABELECE limites e crit\u00e9rios para a educa\u00e7\u00e3o domiciliar no munic\u00edpio de Manaus e d\u00e1 outras providencias\u201d.","indexacao":"","arquivo":"http://sapl.cmm.am.gov.br/media/sapl/public/documentoacessorio/2021/9752/veto_total_06_2021_parecer.pdf","data_ultima_atualizacao":"2021-09-20T04:59:07.856301-04:00","materia":9967,"tipo":9}