{"id":9708,"__str__":"Of\u00edcio - Divis\u00e3o de Controle e Edi\u00e7\u00e3o de Leis de 13/09/2021 por Divis\u00e3o de Controle e Edi\u00e7\u00e3o de Leis","metadata":{},"nome":"Divis\u00e3o de Controle e Edi\u00e7\u00e3o de Leis","data":"2021-09-13","autor":"Divis\u00e3o de Controle e Edi\u00e7\u00e3o de Leis","ementa":"DISP\u00d5E sobre a cria\u00e7\u00e3o da categoria Escola Ind\u00edgena Municipal, dos cargos dos profissionais do magist\u00e9rio ind\u00edgena, da regulariza\u00e7\u00e3o dos espa\u00e7os de estudos da l\u00edngua materna e conhecimentos tradicionais ind\u00edgenas na rede municipal de ensino da Secretaria Municipal de Educa\u00e7\u00e3o, no \u00e2mbito do munic\u00edpio de Manaus, e d\u00e1 outras provid\u00eancias.","indexacao":"","arquivo":"http://sapl.cmm.am.gov.br/media/sapl/public/documentoacessorio/2021/9708/of._n._075.2021_-_sancao_-_pl_n._493.2021_-_executivo_municipal_-_print.pdf","data_ultima_atualizacao":"2021-09-13T06:12:45.038667-04:00","materia":10842,"tipo":12}