{"id":9706,"__str__":"Parecer de Reda\u00e7\u00e3o - 2.\u00aa CCJR de 13/09/2021 por Comiss\u00e3o de Constitui\u00e7\u00e3o, Justi\u00e7a e Reda\u00e7\u00e3o","metadata":{},"nome":"2.\u00aa CCJR","data":"2021-09-13","autor":"Comiss\u00e3o de Constitui\u00e7\u00e3o, Justi\u00e7a e Reda\u00e7\u00e3o","ementa":"DISP\u00d5E sobre a cria\u00e7\u00e3o da categoria Escola Ind\u00edgena Municipal, dos cargos dos profissionais do magist\u00e9rio ind\u00edgena, da regulariza\u00e7\u00e3o dos espa\u00e7os de estudos da l\u00edngua materna e conhecimentos tradicionais ind\u00edgenas na rede municipal de ensino da Secretaria Municipal de Educa\u00e7\u00e3o, no \u00e2mbito do munic\u00edpio de Manaus, e d\u00e1 outras provid\u00eancias.","indexacao":"","arquivo":"http://sapl.cmm.am.gov.br/media/sapl/public/documentoacessorio/2021/9706/parecer_de_redacao_do_pl_493.2021.pdf","data_ultima_atualizacao":"2021-09-13T06:12:28.109781-04:00","materia":10842,"tipo":11}