{"id":9680,"__str__":"Parecer do (a) Relator (a) - Parecer do (a) Relator (a) de 02/09/2021 por PROF.\u00aa JACQUELINE","metadata":{},"nome":"Parecer do (a) Relator (a)","data":"2021-09-02","autor":"PROF.\u00aa JACQUELINE","ementa":"Parecer ao Projeto de Lei n\u00ba 270/2021, de autoria do Vereador Fransu\u00e1 que \u201cINSTITUI o Programa Maternidade Respons\u00e1vel nas maternidades p\u00fablicas, no \u00e2mbito do munic\u00edpio de Manaus, e d\u00e1 outras provid\u00eancias\u201d.","indexacao":"","arquivo":"http://sapl.cmm.am.gov.br/media/sapl/public/documentoacessorio/2021/9680/parecer_pl_270.21_fav_.pdf","data_ultima_atualizacao":"2022-03-14T14:02:24.724987-04:00","materia":7168,"tipo":1}