{"id":9678,"__str__":"Parecer da Comiss\u00e3o - 2\u00aa CCJR de 18/04/2022 por PROF.\u00aa JACQUELINE","metadata":{},"nome":"2\u00aa CCJR","data":"2022-04-18","autor":"PROF.\u00aa JACQUELINE","ementa":"Parecer do Projeto de Lei n\u00ba 393/2021, de autoria da Vereadora Gl\u00f3ria Carratte que \u201cInstitui a Semana Municipal de conscientiza\u00e7\u00e3o e preven\u00e7\u00e3o ao transtorno de ansiedade generalizada provocados no ambiente escolar, no munic\u00edpio de Manaus\u201d.","indexacao":"","arquivo":"http://sapl.cmm.am.gov.br/media/sapl/public/documentoacessorio/2021/9678/parecer_pl_393.21_fav_assinado.pdf","data_ultima_atualizacao":"2022-04-19T09:13:00.286902-04:00","materia":8957,"tipo":9}