{"id":9589,"__str__":"Parecer de Reda\u00e7\u00e3o - Parecer de Reda\u00e7\u00e3o de 01/09/2021 por ","metadata":{},"nome":"Parecer de Reda\u00e7\u00e3o","data":"2021-09-01","autor":"","ementa":"","indexacao":"","arquivo":"http://sapl.cmm.am.gov.br/media/sapl/public/documentoacessorio/2016/9589/parecer_de_redacao.pdf","data_ultima_atualizacao":"2021-09-01T16:45:20.055855-04:00","materia":11044,"tipo":11}