{"id":9470,"__str__":"Parecer da Comiss\u00e3o - 4a. Comiss\u00e3o - COMED de 31/08/2021 por Vereador Fransu\u00e1","metadata":{},"nome":"4a. Comiss\u00e3o - COMED","data":"2021-08-31","autor":"Vereador Fransu\u00e1","ementa":"","indexacao":"","arquivo":"http://sapl.cmm.am.gov.br/media/sapl/public/documentoacessorio/2021/9470/parecer_ao_pl_n._0493-21_-_final.pdf","data_ultima_atualizacao":"2021-08-31T09:51:47.312387-04:00","materia":10842,"tipo":9}