{"id":9380,"__str__":"Parecer do (a) Relator (a) - 2\u00aa CCJR de 14/06/2022 por MARCELO SERAFIM","metadata":{},"nome":"2\u00aa CCJR","data":"2022-06-14","autor":"MARCELO SERAFIM","ementa":"Parecer ao Projeto de Lei n.\u00ba 413/2021, de autoria do vereador Capit\u00e3o Carp\u00ea Andrade, que disp\u00f5e sobre a inclus\u00e3o do Fonoaudi\u00f3logo em todas as Escolas P\u00fablicas Municipais da Cidade de Manaus.","indexacao":"","arquivo":"http://sapl.cmm.am.gov.br/media/sapl/public/documentoacessorio/2021/9380/parecer_pl_413_2021_assinado.pdf","data_ultima_atualizacao":"2022-06-14T12:06:41.326651-04:00","materia":9236,"tipo":1}