{"id":9313,"__str__":"Anexo - Reda\u00e7\u00e3o Final de 28/08/2021 por ","metadata":{},"nome":"Reda\u00e7\u00e3o Final","data":"2021-08-28","autor":"","ementa":"","indexacao":"","arquivo":"http://sapl.cmm.am.gov.br/media/sapl/public/documentoacessorio/2017/9313/pl_037_2017_redacao_final.pdf","data_ultima_atualizacao":"2021-08-28T07:17:26.814728-04:00","materia":10849,"tipo":10}