{"id":9255,"__str__":"Parecer da Procuradoria Legislativa - Procuradoria Legislativa de 24/08/2021 por Procuradoria Legislativa - Proc-Leg","metadata":{},"nome":"Procuradoria Legislativa","data":"2021-08-24","autor":"Procuradoria Legislativa - Proc-Leg","ementa":"PROJETO DE LEI QUE INSTITUI A SEMANA DE DIVULGA\u00c7\u00c3O E VALORIZA\u00c7\u00c3O DO ESTATUTO DA CRIAN\u00c7A E DO ADOLESCENTE NO MUNIC\u00cdPIO DE MANAUS - PROTE\u00c7\u00c3O AO MENOR \u2013 MAT\u00c9RIA DE INICIATIVA N\u00c3O RESERVADA AO EXECUTIVO - REGULAR TR\u00c2MITE \u2013 ART. 58, LOMAN.","indexacao":"","arquivo":"http://sapl.cmm.am.gov.br/media/sapl/public/documentoacessorio/2021/9255/pl_351-2021-_semana_de_divulgacao_eca.pdf","data_ultima_atualizacao":"2021-08-25T05:29:34.204520-04:00","materia":8251,"tipo":2}