{"id":9134,"__str__":"Of\u00edcio - Divis\u00e3o de Controle e Edi\u00e7\u00e3o de Leis de 23/08/2021 por Divis\u00e3o de Controle e Edi\u00e7\u00e3o de Leis","metadata":{},"nome":"Divis\u00e3o de Controle e Edi\u00e7\u00e3o de Leis","data":"2021-08-23","autor":"Divis\u00e3o de Controle e Edi\u00e7\u00e3o de Leis","ementa":"CRIA, na estrutura organizacional da Secretaria Municipal de Educa\u00e7\u00e3o (Semed), o Centro Integrado Municipal de Educa\u00e7\u00e3o (Cime) Senador Artur Virg\u00edlio do Carmo Ribeiro Filho.","indexacao":"","arquivo":"http://sapl.cmm.am.gov.br/media/sapl/public/documentoacessorio/2021/9134/of._n._066.2021_-_sancao_-_pl_n._257.2021_-_executivo_municipal_-_print.pdf","data_ultima_atualizacao":"2021-08-23T05:18:42.566022-04:00","materia":7018,"tipo":12}