{"id":9124,"__str__":"Parecer da Comiss\u00e3o - 2\u00aa CCJR de 19/08/2021 por MARCELO SERAFIM","metadata":{},"nome":"2\u00aa CCJR","data":"2021-08-19","autor":"MARCELO SERAFIM","ementa":"Parecer ao Projeto de Lei n.\u00ba 314/2021, de autoria do vereador Capit\u00e3o Carp\u00ea Andrade, que disp\u00f5e sobre a obrigatoriedade da presen\u00e7a do profissional de Psicologia e Servi\u00e7o Social nas Unidades B\u00e1sicas de Sa\u00fade (UBS) no Munic\u00edpio de Manaus.","indexacao":"","arquivo":"http://sapl.cmm.am.gov.br/media/sapl/public/documentoacessorio/2021/9124/parecer_pl_314_2021___psicologos_nas_ubs.pdf","data_ultima_atualizacao":"2022-04-25T13:02:02.944175-04:00","materia":7813,"tipo":9}