{"id":9115,"__str__":"Parecer da Comiss\u00e3o - 2\u00aa CCJR de 18/08/2021 por BESSA","metadata":{},"nome":"2\u00aa CCJR","data":"2021-08-18","autor":"BESSA","ementa":"\u201cINSTITUI a Semana Crian\u00e7as Salvam Vidas nas escolas p\u00fablicas municipais de Manaus, e d\u00e1 outras provid\u00eancias.\u201d","indexacao":"","arquivo":"http://sapl.cmm.am.gov.br/media/sapl/public/documentoacessorio/2021/9115/parecer_pl_273_2021.pdf","data_ultima_atualizacao":"2021-11-25T08:26:20.965201-04:00","materia":7171,"tipo":9}