{"id":9094,"__str__":"Parecer da Comiss\u00e3o - 2\u00aa CCJR de 16/08/2021 por MARCELO SERAFIM","metadata":{},"nome":"2\u00aa CCJR","data":"2021-08-16","autor":"MARCELO SERAFIM","ementa":"Parecer ao Projeto de Lei n.\u00ba 241/2021, de autoria do vereador Rodrigo Guedes, que disp\u00f5e sobre a concess\u00e3o do benef\u00edcio da tarifa social aos consumidores residenciais e comerciais da concession\u00e1ria de servi\u00e7o p\u00fablico de abastecimento de \u00e1gua, coleta e tratamento de esgoto sanit\u00e1rio, no \u00e2mbito do munic\u00edpio de Manaus, enquanto perdurar a situa\u00e7\u00e3o anormal, caracterizada como emergencial, em raz\u00e3o da enchente do Rio Negro e afluentes, e d\u00e1 outras provid\u00eancias.","indexacao":"","arquivo":"http://sapl.cmm.am.gov.br/media/sapl/public/documentoacessorio/2021/9094/parecer_pl__241_2021___tarifa_social_agua.pdf","data_ultima_atualizacao":"2022-04-05T08:28:33.021946-04:00","materia":6861,"tipo":9}