{"id":9090,"__str__":"Parecer da Comiss\u00e3o - 2\u00aa CCJR de 10/03/2022 por 2\u00aa CCJR","metadata":{},"nome":"2\u00aa CCJR","data":"2022-03-10","autor":"2\u00aa CCJR","ementa":"Parecer do Projeto de Lei n\u00ba 293/2021, de autoria do Vereador Eduardo Alfaia que \u201cDeclara as feiras livres como patrim\u00f4nio hist\u00f3rico cultural imaterial, do Munic\u00edpio de Manaus e determina outras provid\u00eancias.\u201d","indexacao":"","arquivo":"http://sapl.cmm.am.gov.br/media/sapl/public/documentoacessorio/2021/9090/parecer_pl__293_21_contrario_assinado.pdf","data_ultima_atualizacao":"2022-03-10T08:40:30.818053-04:00","materia":7469,"tipo":9}