{"id":8993,"__str__":"Parecer do (a) Relator (a) - 2\u00aa CCJR de 11/08/2021 por BESSA","metadata":{},"nome":"2\u00aa CCJR","data":"2021-08-11","autor":"BESSA","ementa":"PRO\u00cdBE, no munic\u00edpio de Manaus, o uso de elevadores por crian\u00e7as desacompanhadas de adulto, e d\u00e1 outras provid\u00eancias.","indexacao":"","arquivo":"http://sapl.cmm.am.gov.br/media/sapl/public/documentoacessorio/2021/8993/parecer_pl_238.2021_-_criancas_em_elevadores_-_favoravel.pdf","data_ultima_atualizacao":"2021-08-12T05:20:35.288002-04:00","materia":6760,"tipo":1}