{"id":8951,"__str__":"Parecer do (a) Relator (a) - 2\u00aa CCJR de 09/08/2021 por DR. EDUARDO ASSIS","metadata":{},"nome":"2\u00aa CCJR","data":"2021-08-09","autor":"DR. EDUARDO ASSIS","ementa":"PROJETO DE LEI: N\u00b0 254/2020 de autoria da Vereadora Professora Jacqueline, que \u201cINSTITUI, no \u00e2mbito do munic\u00edpio de Manaus, o m\u00eas de julho como \u201cJULHO AMARELO\u201d.","indexacao":"","arquivo":"http://sapl.cmm.am.gov.br/media/sapl/public/documentoacessorio/2020/8951/parecer_pl_254_ver_prof._jacqueline.pdf","data_ultima_atualizacao":"2021-08-09T09:02:53.655391-04:00","materia":2037,"tipo":1}