{"id":8950,"__str__":"Parecer da Comiss\u00e3o - 2\u00aa CCJR de 09/08/2021 por DR. EDUARDO ASSIS","metadata":{},"nome":"2\u00aa CCJR","data":"2021-08-09","autor":"DR. EDUARDO ASSIS","ementa":"VETO TOTAL n\u00ba 004/2021 ao Projeto de Lei n\u00ba 317/2020, de autoria do Rosinaldo Bual, que \u201cESTABELECE as atividades prestadas nos sal\u00f5es de beleza como atividade essencial em per\u00edodos de calamidade p\u00fablica no munic\u00edpio de Manaus\u201d.","indexacao":"","arquivo":"http://sapl.cmm.am.gov.br/media/sapl/public/documentoacessorio/2021/8950/parecer_ccjr_veto_004_2021.pdf","data_ultima_atualizacao":"2021-08-17T05:29:37.040218-04:00","materia":8848,"tipo":9}