{"id":8858,"__str__":"Parecer do (a) Relator (a) - 2\u00aa CCJR de 16/08/2021 por MARCELO SERAFIM","metadata":{},"nome":"2\u00aa CCJR","data":"2021-08-16","autor":"MARCELO SERAFIM","ementa":"Parecer ao Projeto de Lei n.\u00ba 172/2021, de autoria do Vereador Fransu\u00e1, que institui o Apoio Comunit\u00e1rio \u201cPai Ouvidor\u201d nas escolas e creches p\u00fablicas municipais, e d\u00e1 outras provid\u00eancias.","indexacao":"","arquivo":"http://sapl.cmm.am.gov.br/media/sapl/public/documentoacessorio/2021/8858/parecer_ccjr_pl_172_2021.pdf","data_ultima_atualizacao":"2022-03-16T11:05:11.133170-04:00","materia":5819,"tipo":1}