{"id":8587,"__str__":"Parecer de Vista - Plen\u00e1rio - Plen\u00e1rio de 13/07/2018 por Ver. Cel Gilvandro","metadata":{},"nome":"Plen\u00e1rio","data":"2018-07-13","autor":"Ver. Cel Gilvandro","ementa":"","indexacao":"","arquivo":"http://sapl.cmm.am.gov.br/media/sapl/public/documentoacessorio/2017/8587/pl_231_2017_vistas_ver_gilvandro_mota.pdf","data_ultima_atualizacao":"2021-07-23T06:13:54.717527-04:00","materia":9350,"tipo":5}