{"id":8337,"__str__":"Parecer de Vista - Plen\u00e1rio - Plen\u00e1rio de 18/07/2017 por Ver. Prof. Samuel","metadata":{},"nome":"Plen\u00e1rio","data":"2017-07-18","autor":"Ver. Prof. Samuel","ementa":"","indexacao":"","arquivo":"http://sapl.cmm.am.gov.br/media/sapl/public/documentoacessorio/2017/8337/pl_085_2017_vistas_ver_prof_samuel.pdf","data_ultima_atualizacao":"2021-07-22T05:10:05.140468-04:00","materia":9313,"tipo":5}