{"id":8303,"__str__":"Parecer da Procuradoria Legislativa - Procuradoria Legislativa de 24/04/2017 por Eduardo Ter\u00e7o Falc\u00e3o","metadata":{},"nome":"Procuradoria Legislativa","data":"2017-04-24","autor":"Eduardo Ter\u00e7o Falc\u00e3o","ementa":"","indexacao":"","arquivo":"http://sapl.cmm.am.gov.br/media/sapl/public/documentoacessorio/2017/8303/pl_062_2017_parecer_da_procuradoria.pdf","data_ultima_atualizacao":"2021-07-22T04:08:17.292825-04:00","materia":9308,"tipo":2}