{"id":8127,"__str__":"Parecer de Vista - Plen\u00e1rio - Plen\u00e1rio de 26/08/2019 por Ver. Cel. Gilvandro Mota","metadata":{},"nome":"Plen\u00e1rio","data":"2019-08-26","autor":"Ver. Cel. Gilvandro Mota","ementa":"","indexacao":"","arquivo":"http://sapl.cmm.am.gov.br/media/sapl/public/documentoacessorio/2017/8127/pl_357_2017_vistas_ver_gilvandro_mota.pdf","data_ultima_atualizacao":"2021-07-20T05:32:50.089683-04:00","materia":9263,"tipo":5}