{"id":8087,"__str__":"Parecer de Reda\u00e7\u00e3o - 2.\u00aa CCJR de 19/07/2021 por Comiss\u00e3o de Constitui\u00e7\u00e3o, Justi\u00e7a e Reda\u00e7\u00e3o","metadata":{},"nome":"2.\u00aa CCJR","data":"2021-07-19","autor":"Comiss\u00e3o de Constitui\u00e7\u00e3o, Justi\u00e7a e Reda\u00e7\u00e3o","ementa":"CRIA, na estrutura organizacional da Secretaria Municipal de Educa\u00e7\u00e3o (Semed), o Centro Integrado Municipal de Educa\u00e7\u00e3o (Cime) Dr.\u00aa Viviane Estrela Marques Rodella.","indexacao":"","arquivo":"http://sapl.cmm.am.gov.br/media/sapl/public/documentoacessorio/2021/8087/parecer_de_redacao_do_pl_258.2021.pdf","data_ultima_atualizacao":"2021-07-19T07:57:39.928914-04:00","materia":7023,"tipo":11}