{"id":8072,"__str__":"Parecer da Procuradoria Legislativa - Procuradoria Legislativa de 19/10/2021 por Eduardo Ter\u00e7o Falc\u00e3o","metadata":{},"nome":"Procuradoria Legislativa","data":"2021-10-19","autor":"Eduardo Ter\u00e7o Falc\u00e3o","ementa":"","indexacao":"","arquivo":"http://sapl.cmm.am.gov.br/media/sapl/public/documentoacessorio/2018/8072/pl_107_2018_parecer_da_procuradoria.pdf","data_ultima_atualizacao":"2021-07-19T07:27:30.781678-04:00","materia":9251,"tipo":2}