{"id":8053,"__str__":"Parecer de Reda\u00e7\u00e3o - 2.\u00aa CCJR de 19/07/2021 por Comiss\u00e3o de Constitui\u00e7\u00e3o, Justi\u00e7a e Reda\u00e7\u00e3o","metadata":{},"nome":"2.\u00aa CCJR","data":"2021-07-19","autor":"Comiss\u00e3o de Constitui\u00e7\u00e3o, Justi\u00e7a e Reda\u00e7\u00e3o","ementa":"INSTITUI o Dia das Prerrogativas da Advocacia no munic\u00edpio de Manaus e d\u00e1 outras provid\u00eancias.","indexacao":"","arquivo":"http://sapl.cmm.am.gov.br/media/sapl/public/documentoacessorio/2021/8053/parecer_de_redacao_do_pl_179.2021_-_assinado.pdf","data_ultima_atualizacao":"2021-07-19T06:39:54.267779-04:00","materia":5987,"tipo":11}