{"id":8020,"__str__":"Parecer da Comiss\u00e3o - Parecer da Comiss\u00e3o de 15/07/2021 por AMOM","metadata":{},"nome":"Parecer da Comiss\u00e3o","data":"2021-07-15","autor":"AMOM","ementa":"Parecer que versa sobre o Projeto de Lei n\u00b0 018/2021, de autoria do Ver. Marcel Alexandre, que disp\u00f5e sobre a aplica\u00e7\u00e3o de san\u00e7\u00e3o pelo descumprimento da ordem de vacina\u00e7\u00e3o dos grupos priorit\u00e1rios, de acordo com a fase cronol\u00f3gica definida no Plano do Estado do Amazonas de Operacionaliza\u00e7\u00e3o da Vacina\u00e7\u00e3o contra a Covid-19 no Munic\u00edpio de Manaus.","indexacao":"","arquivo":"http://sapl.cmm.am.gov.br/media/sapl/public/documentoacessorio/2021/8020/parecer_6a_comissao_de_saude_-_pl-18_2021_.pdf","data_ultima_atualizacao":"2021-07-15T09:00:19.929225-04:00","materia":3665,"tipo":9}