{"id":7997,"__str__":"Parecer da Procuradoria Legislativa - Procuradoria Legislativa de 12/07/2021 por Procuradoria Legislativa - Proc-Leg","metadata":{},"nome":"Procuradoria Legislativa","data":"2021-07-12","autor":"Procuradoria Legislativa - Proc-Leg","ementa":"PROJETO DE LEI QUE DISP\u00d5E SOBRE A UTILIZA\u00c7\u00c3O DE LACRE INVIOL\u00c1VEL NAS EMBALAGENS DE ALIMENTOS ENTREGUES EM DOMICILIO NO \u00c2MBITO DO MUNIC\u00cdPIO DA CIDADE DE MANAUS \u2013 MAT\u00c9RIA N\u00c3O PRIVATIVA DO EXECUTIVO - REGULAR TR\u00c2MITE \u2013 ART. 58, LOMAN.","indexacao":"","arquivo":"http://sapl.cmm.am.gov.br/media/sapl/public/documentoacessorio/2021/7997/pl_230-2021-lacre_alimentos.pdf","data_ultima_atualizacao":"2021-07-14T05:36:16.662722-04:00","materia":6685,"tipo":2}