{"id":7961,"__str__":"Parecer da Comiss\u00e3o - 4a. Comiss\u00e3o - COMED de 13/07/2021 por Vereador Fransu\u00e1","metadata":{},"nome":"4a. Comiss\u00e3o - COMED","data":"2021-07-13","autor":"Vereador Fransu\u00e1","ementa":"","indexacao":"","arquivo":"http://sapl.cmm.am.gov.br/media/sapl/public/documentoacessorio/2021/7961/parecer_ao_pl_n._062-21-_assinado_-_final.pdf","data_ultima_atualizacao":"2021-07-13T07:48:03.596194-04:00","materia":4194,"tipo":9}