{"id":7949,"__str__":"Of\u00edcio - Divis\u00e3o de Controle e Edi\u00e7\u00e3o de Leis de 13/07/2021 por Divis\u00e3o de Controle e Edi\u00e7\u00e3o de Leis","metadata":{},"nome":"Divis\u00e3o de Controle e Edi\u00e7\u00e3o de Leis","data":"2021-07-13","autor":"Divis\u00e3o de Controle e Edi\u00e7\u00e3o de Leis","ementa":"DISP\u00d5E sobre a denomina\u00e7\u00e3o da pra\u00e7a localizada na Avenida Japur\u00e1, esquina com Rua Afonso Pena, no bairro Pra\u00e7a 14 de Janeiro, como Pra\u00e7a Oscarino Peteleco.","indexacao":"","arquivo":"http://sapl.cmm.am.gov.br/media/sapl/public/documentoacessorio/2021/7949/of._n._037.2021_-_sancao_-_pl_n._354.2021_-_ver._david_reis_print.pdf","data_ultima_atualizacao":"2021-07-13T05:45:45.308522-04:00","materia":8272,"tipo":12}