{"id":7948,"__str__":"Parecer de Reda\u00e7\u00e3o - 2.\u00aa CCJR de 13/07/2021 por Comiss\u00e3o de Constitui\u00e7\u00e3o, Justi\u00e7a e Reda\u00e7\u00e3o","metadata":{},"nome":"2.\u00aa CCJR","data":"2021-07-13","autor":"Comiss\u00e3o de Constitui\u00e7\u00e3o, Justi\u00e7a e Reda\u00e7\u00e3o","ementa":"DISP\u00d5E sobre a denomina\u00e7\u00e3o da pra\u00e7a localizada na Avenida Japur\u00e1, esquina com Rua Afonso Pena, no bairro Pra\u00e7a 14 de Janeiro, como Pra\u00e7a Oscarino Peteleco.","indexacao":"","arquivo":"http://sapl.cmm.am.gov.br/media/sapl/public/documentoacessorio/2021/7948/parecer_de_redacao_do_pl_354.2021.pdf","data_ultima_atualizacao":"2021-07-13T05:45:23.251564-04:00","materia":8272,"tipo":11}