{"id":7863,"__str__":"Parecer da Comiss\u00e3o - 2\u00aa CCJR de 04/08/2021 por MARCELO SERAFIM","metadata":{},"nome":"2\u00aa CCJR","data":"2021-08-04","autor":"MARCELO SERAFIM","ementa":"Parecer ao Projeto de Lei n.\u00ba 202/2021, de autoria do vereador Lissandro Breval, que institui o plano de regionaliza\u00e7\u00e3o da merenda escolar municipal \u2013 PREMEM, no \u00e2mbito do Poder Executivo Municipal, e d\u00e1 outras provid\u00eancias.","indexacao":"","arquivo":"http://sapl.cmm.am.gov.br/media/sapl/public/documentoacessorio/2021/7863/parecer_ccjr_pl_202_2021.pdf","data_ultima_atualizacao":"2021-08-04T09:51:59.700354-04:00","materia":6259,"tipo":9}