{"id":779,"__str__":"Parecer da Procuradoria Legislativa - Procuradoria Legislativa de 29/04/2020 por Eduardo Ter\u00e7o Falc\u00e3o","metadata":{},"nome":"Procuradoria Legislativa","data":"2020-04-29","autor":"Eduardo Ter\u00e7o Falc\u00e3o","ementa":"","indexacao":"","arquivo":"http://sapl.cmm.am.gov.br/media/sapl/public/documentoacessorio/2020/779/parecer_procuradoria_pl_113_2020.pdf","data_ultima_atualizacao":"2020-06-16T15:55:43.421324-04:00","materia":750,"tipo":2}