{"id":771,"__str__":"Memorando - Retirado de Tramita\u00e7\u00e3o de 28/04/2020 por ver. Amauri Colares","metadata":{},"nome":"Retirado de Tramita\u00e7\u00e3o","data":"2020-04-28","autor":"ver. Amauri Colares","ementa":"","indexacao":"","arquivo":"http://sapl.cmm.am.gov.br/media/sapl/public/documentoacessorio/2020/771/memo_087_2020___retirada_de_tramitacao_pl_116___2020___dia_do_musico_assinado.pdf","data_ultima_atualizacao":"2020-05-07T07:22:13.064338-04:00","materia":754,"tipo":20}