{"id":7590,"__str__":"Parecer de Vista - Plen\u00e1rio - Plen\u00e1rio de 24/06/2021 por Ver. Rosivaldo Cordovil","metadata":{},"nome":"Plen\u00e1rio","data":"2021-06-24","autor":"Ver. Rosivaldo Cordovil","ementa":"","indexacao":"","arquivo":"http://sapl.cmm.am.gov.br/media/sapl/public/documentoacessorio/2018/7590/pl_153_2018_vistas_ver_rosivaldo_cordovil.pdf","data_ultima_atualizacao":"2021-06-24T13:03:45.391614-04:00","materia":8465,"tipo":5}