{"id":7588,"__str__":"Parecer de Vista - Plen\u00e1rio - Plen\u00e1rio de 18/06/2018 por Ver. Wallace Oliveira","metadata":{},"nome":"Plen\u00e1rio","data":"2018-06-18","autor":"Ver. Wallace Oliveira","ementa":"","indexacao":"","arquivo":"http://sapl.cmm.am.gov.br/media/sapl/public/documentoacessorio/2018/7588/pl_153_2018_vistas_ver_wallace_oliveira.pdf","data_ultima_atualizacao":"2021-06-24T13:01:41.448567-04:00","materia":8465,"tipo":5}