{"id":7550,"__str__":"Parecer de Vista - Plen\u00e1rio - CCJR de 08/08/2017 por Ver. Pl\u00ednio Val\u00e9rio","metadata":{},"nome":"CCJR","data":"2017-08-08","autor":"Ver. Pl\u00ednio Val\u00e9rio","ementa":"","indexacao":"","arquivo":"http://sapl.cmm.am.gov.br/media/sapl/public/documentoacessorio/2017/7550/pl_132_2017_parecer_vistas.pdf","data_ultima_atualizacao":"2021-06-22T16:31:06.043163-04:00","materia":8352,"tipo":5}