{"id":7307,"__str__":"Parecer da Comiss\u00e3o - 2\u00aa CCJR de 09/06/2021 por MARCELO SERAFIM","metadata":{},"nome":"2\u00aa CCJR","data":"2021-06-09","autor":"MARCELO SERAFIM","ementa":"Parecer ao Projeto de Resolu\u00e7\u00e3o n.\u00ba 005/2021, de autoria da Vereadora Professora Jaqueline, que cria a Frente Parlamentar em Defesa da Zona Rural Rodovi\u00e1ria e Ribeirinha do munic\u00edpio de Manaus e d\u00e1 outras provid\u00eancias.","indexacao":"","arquivo":"http://sapl.cmm.am.gov.br/media/sapl/public/documentoacessorio/2021/7307/parecer_ccjr_pr_005_2021.pdf","data_ultima_atualizacao":"2021-06-09T16:08:01.153830-04:00","materia":3791,"tipo":9}