{"id":7203,"__str__":"Parecer da Procuradoria Legislativa - Procuradoria Legislativa de 21/05/2021 por Eduardo Ter\u00e7o Falc\u00e3o","metadata":{},"nome":"Procuradoria Legislativa","data":"2021-05-21","autor":"Eduardo Ter\u00e7o Falc\u00e3o","ementa":"PROJETO DE LEI QUE INSTITUI, NO CALEND\u00c1RIO OFICIAL DA CIDADE DE MANAUS, JULHO COMO O M\u00caS DA \u201cMISS\u00c3O CALEBE\u201d DA IGREJA ADVENTISTA DO S\u00c9TIMO DIA \u2013 MAT\u00c9RIA N\u00c3O RESERVADA \u00c0 INICIATIVA DO EXECUTIVO \u2013 REGULAR TR\u00c2MITE \u2013 ART. 61 DA CF, E ART. 58 DA LOMAN.","indexacao":"","arquivo":"http://sapl.cmm.am.gov.br/media/sapl/public/documentoacessorio/2021/7203/pl_135-2021-calendario_municipio.pdf","data_ultima_atualizacao":"2021-05-24T05:22:12.993151-04:00","materia":5283,"tipo":2}