{"id":7201,"__str__":"Parecer da Procuradoria Legislativa - Procuradoria Legislativa de 21/05/2021 por Eduardo Ter\u00e7o Falc\u00e3o","metadata":{},"nome":"Procuradoria Legislativa","data":"2021-05-21","autor":"Eduardo Ter\u00e7o Falc\u00e3o","ementa":"PROJETO DE LEI QUE DISP\u00d5E SOBRE DISP\u00d5E O MOVIMENTO CAL\u00c7ADA LIVRE NO MUNIC\u00cdPIO DE MANAUS \u2013 MAT\u00c9RIA DE CUNHO PROGRAM\u00c1TICO N\u00c3O RESERVADA \u00c0 INICIATIVA DO EXECUTIVO \u2013 REGULAR TR\u00c2MITE \u2013 ART. 61 DA CF, E ART. 58 DA LOMAN.","indexacao":"","arquivo":"http://sapl.cmm.am.gov.br/media/sapl/public/documentoacessorio/2021/7201/pl_134-2021-calcada_livre.pdf","data_ultima_atualizacao":"2021-05-24T05:16:16.784959-04:00","materia":5266,"tipo":2}