{"id":7043,"__str__":"Parecer de Reda\u00e7\u00e3o - 2.\u00aa CCJR de 18/05/2021 por Comiss\u00e3o de Constitui\u00e7\u00e3o, Justi\u00e7a e Reda\u00e7\u00e3o","metadata":{},"nome":"2.\u00aa CCJR","data":"2021-05-18","autor":"Comiss\u00e3o de Constitui\u00e7\u00e3o, Justi\u00e7a e Reda\u00e7\u00e3o","ementa":"INSTITUI, no Calend\u00e1rio Oficial da Cidade de Manaus, o Dia Municipal em Homenagem \u00e0s V\u00edtimas da Covid-19.","indexacao":"","arquivo":"http://sapl.cmm.am.gov.br/media/sapl/public/documentoacessorio/2021/7043/parecer_de_redacao_do_pl_078.2021_-_assinado.pdf","data_ultima_atualizacao":"2021-05-18T06:22:27.069867-04:00","materia":4560,"tipo":11}